{"id":6583,"date":"2023-11-16T11:19:56","date_gmt":"2023-11-16T16:19:56","guid":{"rendered":"https:\/\/museedelacotenord.ca\/?p=6583"},"modified":"2025-07-29T08:48:51","modified_gmt":"2025-07-29T12:48:51","slug":"call-for-applications-volunteer-administrators","status":"publish","type":"post","link":"https:\/\/museedelacotenord.ca\/en\/call-for-applications-volunteer-administrators\/","title":{"rendered":"Call for applications : Volunteer administrators"},"content":{"rendered":"<p><strong>CALL FOR APPLICATIONS\u00a0<\/strong><br \/>\n<strong>VOLUNTEER ADMINISTRATORS<\/strong><\/p>\n<p>The Mus\u00e9e de la C\u00f4te-Nord (MCN) is looking for candidates to sit on its board of directors.<\/p>\n<p><strong>This call for applications aims to recruit volunteer administrators from the following sectors :<\/strong><\/p>\n<ul>\n<li>Private sector representatives (companies, groups of companies, financial sectors or others).<\/li>\n<li>Representatives of non-profits in the culture and heritage sector.<\/li>\n<\/ul>\n<p>** Expertise needed :<br \/>\nFinance | Pedagogy | Museology | Communications | Archiving | Management<\/p>\n<p><strong>The Mus\u00e9e de la C\u00f4te-Nord<\/strong><\/p>\n<p>The Mus\u00e9e de la C\u00f4te-Nord is an accredited museum institution recognized by the minist\u00e8re de la Culture et des Communications. Located halfway between Haute- and Basse-C\u00f4te-Nord, and at the heart of cultural life in Sept-\u00celes, the Mus\u00e9e de la C\u00f4te-Nord is dedicated to preserving, curating, studying and showcasing the regional heritage. Within its walls are more than 10,000 artifacts that make up its archaeological, ethnological, scientific and artistic collections. Its efforts: Showcasing the C\u00f4te-Nord\u2019s heritage through intervention museology at a regional scale | Protecting, preserving, curating, studying and exhibiting the C\u00f4te-Nord\u2019s heritage in the fields of ethnohistory, archaeology and the natural sciences | Promoting art by disseminating works by local artists, while hosting varied exhibitions from other areas.<\/p>\n<p><strong>Sitting on the MCN\u2019s board of directors means :<\/strong><\/p>\n<ul>\n<li>Being part of a team that cares about protecting and showcasing the C\u00f4te-Nord\u2019s heritage.<\/li>\n<li>Supporting the mission of an organization that has been part of the C\u00f4te-Nord\u2019s cultural ecosystem for over 45 years.<\/li>\n<li>Contributing to the strategic thinking and direction of an organization carrying out major projects.<\/li>\n<\/ul>\n<p><strong>We are mainly looking for these skills and abilities :<\/strong><\/p>\n<ul>\n<li>Demonstrating a clear interest in cultural and heritage issues.<\/li>\n<li>Being motivated to make progress on the Mus\u00e9e\u2019s projects to pursue its mission.<\/li>\n<li>Hold a position with responsibility or influence within an organization or group representing a sector relevant to the positions to be filled.<\/li>\n<li>Be recognized in your field for your expertise, skills and leadership.<\/li>\n<li>Have solid knowledge of non-profit governance practices (an asset).<\/li>\n<li>Have a keen sense of integrity, as well as strong teamwork and operational strategy skills.<\/li>\n<li>Be available for board activities as required (6 meetings per year).<\/li>\n<\/ul>\n<p>The Mus\u00e9e de la C\u00f4te-Nord believes diversity and inclusion foster collective intelligence, and as such, the board of directors seeks to have a balanced composition taking into account generational and regional diversity and representation.<\/p>\n<p><strong>Deadline for applications :<\/strong><\/p>\n<p>Interested applicants have until Friday, November 24, 2023 to submit a r\u00e9sum\u00e9 (CV) and cover letter to the following address : <a style=\"color: #0056b3; text-decoration-line: underline;\" href=\"mailto:direction@mrcn.qc.ca\">direction@mrcn.qc.ca<\/a>.<\/p>\n<p>Date of the next AGM: November 27, 2023 at 8 PM at 500 Boulevard Laure, Sept-\u00celes. For C\u00f4te-Nord residents living outside the City of Sept-\u00celes, the AGM will also be held by video conference. The hyperlink can be sent to you on request.<\/p>\n<p><strong>** Note: All applicants must be members of the MCN to be able to attend the AGM and thus be eligible to become a director. To become a member, contact the MCN reception desk :<\/strong><\/p>\n","protected":false},"excerpt":{"rendered":"<p>The Mus\u00e9e r\u00e9gional de la C\u00f4te-Nord (MRCN) is seeking candidates to serve on its board of directors.<\/p>\n","protected":false},"author":5,"featured_media":0,"comment_status":"closed","ping_status":"closed","sticky":false,"template":"","format":"standard","meta":{"_acf_changed":false,"footnotes":""},"categories":[1],"tags":[],"class_list":["post-6583","post","type-post","status-publish","format-standard","hentry","category-news"],"acf":[],"yoast_head":"<!-- This site is optimized with the Yoast SEO plugin v25.7 - https:\/\/yoast.com\/wordpress\/plugins\/seo\/ -->\n<title>Call for applications : Volunteer administrators | Mus\u00e9e de la C\u00f4te-Nord<\/title>\n<meta name=\"robots\" content=\"index, follow, max-snippet:-1, max-image-preview:large, max-video-preview:-1\" \/>\n<link rel=\"canonical\" href=\"https:\/\/museedelacotenord.ca\/en\/call-for-applications-volunteer-administrators\/\" \/>\n<meta property=\"og:locale\" content=\"en_US\" \/>\n<meta property=\"og:type\" content=\"article\" \/>\n<meta property=\"og:title\" content=\"Call for applications : Volunteer administrators | Mus\u00e9e de la C\u00f4te-Nord\" \/>\n<meta property=\"og:description\" content=\"The Mus\u00e9e r\u00e9gional de la C\u00f4te-Nord (MRCN) is seeking candidates to serve on its board of directors.\" \/>\n<meta property=\"og:url\" content=\"https:\/\/museedelacotenord.ca\/en\/call-for-applications-volunteer-administrators\/\" \/>\n<meta property=\"og:site_name\" content=\"Mus\u00e9e de la C\u00f4te-Nord\" \/>\n<meta property=\"article:publisher\" content=\"https:\/\/web.facebook.com\/musee.cote.nord\/\" \/>\n<meta property=\"article:published_time\" content=\"2023-11-16T16:19:56+00:00\" \/>\n<meta property=\"article:modified_time\" content=\"2025-07-29T12:48:51+00:00\" \/>\n<meta property=\"og:image\" content=\"https:\/\/museedelacotenord.ca\/wp-content\/uploads\/2025\/01\/museedelacotenord-share.jpg\" \/>\n\t<meta property=\"og:image:width\" content=\"1200\" \/>\n\t<meta property=\"og:image:height\" content=\"675\" \/>\n\t<meta property=\"og:image:type\" content=\"image\/jpeg\" \/>\n<meta name=\"author\" content=\"petr\" \/>\n<meta name=\"twitter:card\" content=\"summary_large_image\" \/>\n<meta name=\"twitter:label1\" content=\"Written by\" \/>\n\t<meta name=\"twitter:data1\" content=\"petr\" \/>\n\t<meta name=\"twitter:label2\" content=\"Est. reading time\" \/>\n\t<meta name=\"twitter:data2\" content=\"3 minutes\" \/>\n<script type=\"application\/ld+json\" class=\"yoast-schema-graph\">{\"@context\":\"https:\/\/schema.org\",\"@graph\":[{\"@type\":\"Article\",\"@id\":\"https:\/\/museedelacotenord.ca\/en\/call-for-applications-volunteer-administrators\/#article\",\"isPartOf\":{\"@id\":\"https:\/\/museedelacotenord.ca\/en\/call-for-applications-volunteer-administrators\/\"},\"author\":{\"name\":\"petr\",\"@id\":\"https:\/\/museedelacotenord.ca\/en\/#\/schema\/person\/422c8fb074a6e89de850574136c5c056\"},\"headline\":\"Call for applications : Volunteer administrators\",\"datePublished\":\"2023-11-16T16:19:56+00:00\",\"dateModified\":\"2025-07-29T12:48:51+00:00\",\"mainEntityOfPage\":{\"@id\":\"https:\/\/museedelacotenord.ca\/en\/call-for-applications-volunteer-administrators\/\"},\"wordCount\":499,\"publisher\":{\"@id\":\"https:\/\/museedelacotenord.ca\/en\/#organization\"},\"articleSection\":[\"News\"],\"inLanguage\":\"en-US\"},{\"@type\":\"WebPage\",\"@id\":\"https:\/\/museedelacotenord.ca\/en\/call-for-applications-volunteer-administrators\/\",\"url\":\"https:\/\/museedelacotenord.ca\/en\/call-for-applications-volunteer-administrators\/\",\"name\":\"Call for applications : Volunteer administrators | Mus\u00e9e de la C\u00f4te-Nord\",\"isPartOf\":{\"@id\":\"https:\/\/museedelacotenord.ca\/en\/#website\"},\"datePublished\":\"2023-11-16T16:19:56+00:00\",\"dateModified\":\"2025-07-29T12:48:51+00:00\",\"breadcrumb\":{\"@id\":\"https:\/\/museedelacotenord.ca\/en\/call-for-applications-volunteer-administrators\/#breadcrumb\"},\"inLanguage\":\"en-US\",\"potentialAction\":[{\"@type\":\"ReadAction\",\"target\":[\"https:\/\/museedelacotenord.ca\/en\/call-for-applications-volunteer-administrators\/\"]}]},{\"@type\":\"BreadcrumbList\",\"@id\":\"https:\/\/museedelacotenord.ca\/en\/call-for-applications-volunteer-administrators\/#breadcrumb\",\"itemListElement\":[{\"@type\":\"ListItem\",\"position\":1,\"name\":\"Home\",\"item\":\"https:\/\/museedelacotenord.ca\/en\/\"},{\"@type\":\"ListItem\",\"position\":2,\"name\":\"Call for applications : Volunteer administrators\"}]},{\"@type\":\"WebSite\",\"@id\":\"https:\/\/museedelacotenord.ca\/en\/#website\",\"url\":\"https:\/\/museedelacotenord.ca\/en\/\",\"name\":\"Mus\u00e9e de la C\u00f4te-Nord\",\"description\":\"\",\"publisher\":{\"@id\":\"https:\/\/museedelacotenord.ca\/en\/#organization\"},\"potentialAction\":[{\"@type\":\"SearchAction\",\"target\":{\"@type\":\"EntryPoint\",\"urlTemplate\":\"https:\/\/museedelacotenord.ca\/en\/?s={search_term_string}\"},\"query-input\":{\"@type\":\"PropertyValueSpecification\",\"valueRequired\":true,\"valueName\":\"search_term_string\"}}],\"inLanguage\":\"en-US\"},{\"@type\":\"Organization\",\"@id\":\"https:\/\/museedelacotenord.ca\/en\/#organization\",\"name\":\"Mus\u00e9e de la C\u00f4te-Nord\",\"url\":\"https:\/\/museedelacotenord.ca\/en\/\",\"logo\":{\"@type\":\"ImageObject\",\"inLanguage\":\"en-US\",\"@id\":\"https:\/\/museedelacotenord.ca\/en\/#\/schema\/logo\/image\/\",\"url\":\"https:\/\/museedelacotenord.ca\/wp-content\/uploads\/2024\/10\/Logo.svg\",\"contentUrl\":\"https:\/\/museedelacotenord.ca\/wp-content\/uploads\/2024\/10\/Logo.svg\",\"width\":121,\"height\":65,\"caption\":\"Mus\u00e9e de la C\u00f4te-Nord\"},\"image\":{\"@id\":\"https:\/\/museedelacotenord.ca\/en\/#\/schema\/logo\/image\/\"},\"sameAs\":[\"https:\/\/web.facebook.com\/musee.cote.nord\/\",\"https:\/\/www.youtube.com\/channel\/UCn8cUNXXQ5W8qnuUIfjdsvQ\"]},{\"@type\":\"Person\",\"@id\":\"https:\/\/museedelacotenord.ca\/en\/#\/schema\/person\/422c8fb074a6e89de850574136c5c056\",\"name\":\"petr\"}]}<\/script>\n<!-- \/ Yoast SEO plugin. -->","yoast_head_json":{"title":"Call for applications : Volunteer administrators | Mus\u00e9e de la C\u00f4te-Nord","robots":{"index":"index","follow":"follow","max-snippet":"max-snippet:-1","max-image-preview":"max-image-preview:large","max-video-preview":"max-video-preview:-1"},"canonical":"https:\/\/museedelacotenord.ca\/en\/call-for-applications-volunteer-administrators\/","og_locale":"en_US","og_type":"article","og_title":"Call for applications : Volunteer administrators | Mus\u00e9e de la C\u00f4te-Nord","og_description":"The Mus\u00e9e r\u00e9gional de la C\u00f4te-Nord (MRCN) is seeking candidates to serve on its board of directors.","og_url":"https:\/\/museedelacotenord.ca\/en\/call-for-applications-volunteer-administrators\/","og_site_name":"Mus\u00e9e de la C\u00f4te-Nord","article_publisher":"https:\/\/web.facebook.com\/musee.cote.nord\/","article_published_time":"2023-11-16T16:19:56+00:00","article_modified_time":"2025-07-29T12:48:51+00:00","og_image":[{"width":1200,"height":675,"url":"https:\/\/museedelacotenord.ca\/wp-content\/uploads\/2025\/01\/museedelacotenord-share.jpg","type":"image\/jpeg"}],"author":"petr","twitter_card":"summary_large_image","twitter_misc":{"Written by":"petr","Est. reading time":"3 minutes"},"schema":{"@context":"https:\/\/schema.org","@graph":[{"@type":"Article","@id":"https:\/\/museedelacotenord.ca\/en\/call-for-applications-volunteer-administrators\/#article","isPartOf":{"@id":"https:\/\/museedelacotenord.ca\/en\/call-for-applications-volunteer-administrators\/"},"author":{"name":"petr","@id":"https:\/\/museedelacotenord.ca\/en\/#\/schema\/person\/422c8fb074a6e89de850574136c5c056"},"headline":"Call for applications : Volunteer administrators","datePublished":"2023-11-16T16:19:56+00:00","dateModified":"2025-07-29T12:48:51+00:00","mainEntityOfPage":{"@id":"https:\/\/museedelacotenord.ca\/en\/call-for-applications-volunteer-administrators\/"},"wordCount":499,"publisher":{"@id":"https:\/\/museedelacotenord.ca\/en\/#organization"},"articleSection":["News"],"inLanguage":"en-US"},{"@type":"WebPage","@id":"https:\/\/museedelacotenord.ca\/en\/call-for-applications-volunteer-administrators\/","url":"https:\/\/museedelacotenord.ca\/en\/call-for-applications-volunteer-administrators\/","name":"Call for applications : Volunteer administrators | Mus\u00e9e de la C\u00f4te-Nord","isPartOf":{"@id":"https:\/\/museedelacotenord.ca\/en\/#website"},"datePublished":"2023-11-16T16:19:56+00:00","dateModified":"2025-07-29T12:48:51+00:00","breadcrumb":{"@id":"https:\/\/museedelacotenord.ca\/en\/call-for-applications-volunteer-administrators\/#breadcrumb"},"inLanguage":"en-US","potentialAction":[{"@type":"ReadAction","target":["https:\/\/museedelacotenord.ca\/en\/call-for-applications-volunteer-administrators\/"]}]},{"@type":"BreadcrumbList","@id":"https:\/\/museedelacotenord.ca\/en\/call-for-applications-volunteer-administrators\/#breadcrumb","itemListElement":[{"@type":"ListItem","position":1,"name":"Home","item":"https:\/\/museedelacotenord.ca\/en\/"},{"@type":"ListItem","position":2,"name":"Call for applications : Volunteer administrators"}]},{"@type":"WebSite","@id":"https:\/\/museedelacotenord.ca\/en\/#website","url":"https:\/\/museedelacotenord.ca\/en\/","name":"Mus\u00e9e de la C\u00f4te-Nord","description":"","publisher":{"@id":"https:\/\/museedelacotenord.ca\/en\/#organization"},"potentialAction":[{"@type":"SearchAction","target":{"@type":"EntryPoint","urlTemplate":"https:\/\/museedelacotenord.ca\/en\/?s={search_term_string}"},"query-input":{"@type":"PropertyValueSpecification","valueRequired":true,"valueName":"search_term_string"}}],"inLanguage":"en-US"},{"@type":"Organization","@id":"https:\/\/museedelacotenord.ca\/en\/#organization","name":"Mus\u00e9e de la C\u00f4te-Nord","url":"https:\/\/museedelacotenord.ca\/en\/","logo":{"@type":"ImageObject","inLanguage":"en-US","@id":"https:\/\/museedelacotenord.ca\/en\/#\/schema\/logo\/image\/","url":"https:\/\/museedelacotenord.ca\/wp-content\/uploads\/2024\/10\/Logo.svg","contentUrl":"https:\/\/museedelacotenord.ca\/wp-content\/uploads\/2024\/10\/Logo.svg","width":121,"height":65,"caption":"Mus\u00e9e de la C\u00f4te-Nord"},"image":{"@id":"https:\/\/museedelacotenord.ca\/en\/#\/schema\/logo\/image\/"},"sameAs":["https:\/\/web.facebook.com\/musee.cote.nord\/","https:\/\/www.youtube.com\/channel\/UCn8cUNXXQ5W8qnuUIfjdsvQ"]},{"@type":"Person","@id":"https:\/\/museedelacotenord.ca\/en\/#\/schema\/person\/422c8fb074a6e89de850574136c5c056","name":"petr"}]}},"_links":{"self":[{"href":"https:\/\/museedelacotenord.ca\/en\/wp-json\/wp\/v2\/posts\/6583","targetHints":{"allow":["GET"]}}],"collection":[{"href":"https:\/\/museedelacotenord.ca\/en\/wp-json\/wp\/v2\/posts"}],"about":[{"href":"https:\/\/museedelacotenord.ca\/en\/wp-json\/wp\/v2\/types\/post"}],"author":[{"embeddable":true,"href":"https:\/\/museedelacotenord.ca\/en\/wp-json\/wp\/v2\/users\/5"}],"replies":[{"embeddable":true,"href":"https:\/\/museedelacotenord.ca\/en\/wp-json\/wp\/v2\/comments?post=6583"}],"version-history":[{"count":2,"href":"https:\/\/museedelacotenord.ca\/en\/wp-json\/wp\/v2\/posts\/6583\/revisions"}],"predecessor-version":[{"id":6719,"href":"https:\/\/museedelacotenord.ca\/en\/wp-json\/wp\/v2\/posts\/6583\/revisions\/6719"}],"wp:attachment":[{"href":"https:\/\/museedelacotenord.ca\/en\/wp-json\/wp\/v2\/media?parent=6583"}],"wp:term":[{"taxonomy":"category","embeddable":true,"href":"https:\/\/museedelacotenord.ca\/en\/wp-json\/wp\/v2\/categories?post=6583"},{"taxonomy":"post_tag","embeddable":true,"href":"https:\/\/museedelacotenord.ca\/en\/wp-json\/wp\/v2\/tags?post=6583"}],"curies":[{"name":"wp","href":"https:\/\/api.w.org\/{rel}","templated":true}]}}