{"id":6631,"date":"2024-06-01T12:19:14","date_gmt":"2024-06-01T16:19:14","guid":{"rendered":"https:\/\/museedelacotenord.ca\/?p=6631"},"modified":"2025-08-19T13:49:58","modified_gmt":"2025-08-19T17:49:58","slug":"end-of-the-land-of-meaning-the-grand-voyage-permanent-exhibition","status":"publish","type":"post","link":"https:\/\/museedelacotenord.ca\/en\/end-of-the-land-of-meaning-the-grand-voyage-permanent-exhibition\/","title":{"rendered":"Land of Meaning: The Grand Voyage | Mus\u00e9e de la C\u00f4te-Nord"},"content":{"rendered":"\t\t<div data-elementor-type=\"wp-post\" data-elementor-id=\"6631\" class=\"elementor elementor-6631 elementor-2549\" data-elementor-post-type=\"post\">\n\t\t\t\t<div class=\"elementor-element elementor-element-3c40e0f0 e-flex e-con-boxed e-con e-parent\" data-id=\"3c40e0f0\" data-element_type=\"container\" data-settings=\"{&quot;jet_parallax_layout_list&quot;:[]}\">\n\t\t\t\t\t<div class=\"e-con-inner\">\n\t\t\t\t<div class=\"elementor-element elementor-element-4f93d833 elementor-widget elementor-widget-text-editor\" data-id=\"4f93d833\" data-element_type=\"widget\" data-widget_type=\"text-editor.default\">\n\t\t\t\t<div class=\"elementor-widget-container\">\n\t\t\t\t\t\t\t\t\t<div class=\"xdj266r x11i5rnm xat24cr x1mh8g0r x1vvkbs x126k92a\">&nbsp;<\/div>\n<div dir=\"auto\">\n<div class=\"xdj266r x11i5rnm xat24cr x1mh8g0r x1vvkbs x126k92a\">\n<h2 dir=\"auto\">Land of Meaning: The Grand Voyage<\/h2>\n<\/div>\n<div dir=\"auto\">&nbsp;<\/div>\n<\/div>\n<div class=\"x11i5rnm xat24cr x1mh8g0r x1vvkbs xtlvy1s x126k92a\">\n<div dir=\"auto\">\n<p>Land of Meaning: The Grand Voyage \u2013 A turning point in our history<\/p>\n<p>After 18 years of illustrating the history of Innu people and the inhabitants of the C\u00f4te-Nord, the exhibition <em>Land of Meaning: The Grand Voyage<\/em> has come to an end.<br>This exhibition concept offered an immersive approach to understanding the human and social adventure that began about 9,000 years ago on the territory of the C\u00f4te-Nord. It showed the region\u2019s history through a critical and modern lens, while highlighting its unique narratives.<\/p>\n<p>Despite this exhibition ending, the topics it covered keep inspiring new cultural and educational initiatives. Its scalable approach enabled it to regularly show new artifacts and texts, which offered visitors a constant opportunity to discover the extent of the regional collection and take part in rewarding workshops.<br>The Mus\u00e9e, as the project supervisor, prioritized C\u00f4te-Nord companies and creators, contributing to the development of regional expertise in museology. This exhibition was also the result of robust partnerships with key stakeholders such as Aluminerie Alouette Inc., Tourisme Qu\u00e9bec, Hydro-Qu\u00e9bec, the minist\u00e8re de la Culture et des Communications, and the Ville de Sept-\u00celes.<\/p><p>It should be noted that the exhibition was recognized for its excellence and was awarded a prize in the category of museums having a budget of less than 4 million dollars at the 2006 annual congress of the Soci\u00e9t\u00e9 des mus\u00e9es qu\u00e9b\u00e9cois (SMQ), in Saguenay.<\/p><p>Even though <em>Land of Meaning: The Grand Voyage<\/em> now belongs to the past, the exhibition\u2019s heritage lives on in our memories and in the values of sharing and cultural transfer it promoted.<\/p>\n<\/div>\n<\/div>\n<div dir=\"auto\">&nbsp;<\/div>\t\t\t\t\t\t\t\t<\/div>\n\t\t\t\t<\/div>\n\t\t\t\t<div class=\"elementor-element elementor-element-1e6af28 elementor-widget-divider--view-line elementor-widget elementor-widget-divider\" data-id=\"1e6af28\" data-element_type=\"widget\" data-widget_type=\"divider.default\">\n\t\t\t\t<div class=\"elementor-widget-container\">\n\t\t\t\t\t\t\t<div class=\"elementor-divider\">\n\t\t\t<span class=\"elementor-divider-separator\">\n\t\t\t\t\t\t<\/span>\n\t\t<\/div>\n\t\t\t\t\t\t<\/div>\n\t\t\t\t<\/div>\n\t\t\t\t\t<\/div>\n\t\t\t\t<\/div>\n\t\t<div class=\"elementor-element elementor-element-3bfca3e e-flex e-con-boxed e-con e-parent\" data-id=\"3bfca3e\" data-element_type=\"container\" data-settings=\"{&quot;jet_parallax_layout_list&quot;:[]}\">\n\t\t\t\t\t<div class=\"e-con-inner\">\n\t\t\t\t<div class=\"elementor-element elementor-element-2ba0666 elementor-arrows-position-inside elementor-pagination-position-outside elementor-widget elementor-widget-image-carousel\" data-id=\"2ba0666\" data-element_type=\"widget\" data-settings=\"{&quot;navigation&quot;:&quot;both&quot;,&quot;autoplay&quot;:&quot;yes&quot;,&quot;pause_on_hover&quot;:&quot;yes&quot;,&quot;pause_on_interaction&quot;:&quot;yes&quot;,&quot;autoplay_speed&quot;:5000,&quot;infinite&quot;:&quot;yes&quot;,&quot;speed&quot;:500}\" data-widget_type=\"image-carousel.default\">\n\t\t\t\t<div class=\"elementor-widget-container\">\n\t\t\t\t\t\t\t<div class=\"elementor-image-carousel-wrapper swiper\" role=\"region\" aria-roledescription=\"carousel\" aria-label=\"Terre de sens\" dir=\"ltr\">\n\t\t\t<div class=\"elementor-image-carousel swiper-wrapper\" aria-live=\"off\">\n\t\t\t\t\t\t\t\t<div class=\"swiper-slide\" role=\"group\" aria-roledescription=\"slide\" aria-label=\"1 of 6\"><figure class=\"swiper-slide-inner\"><img decoding=\"async\" class=\"swiper-slide-image\" src=\"https:\/\/museedelacotenord.ca\/wp-content\/uploads\/2025\/01\/ancienne-expo-terre-de-sens2-300x200.jpg\" alt=\"ancienne-expo-terre-de-sens2\" \/><\/figure><\/div><div class=\"swiper-slide\" role=\"group\" aria-roledescription=\"slide\" aria-label=\"2 of 6\"><figure class=\"swiper-slide-inner\"><img decoding=\"async\" class=\"swiper-slide-image\" src=\"https:\/\/museedelacotenord.ca\/wp-content\/uploads\/2025\/01\/ancienne-expo-2-300x200.jpg\" alt=\"ancienne-expo-2\" \/><\/figure><\/div><div class=\"swiper-slide\" role=\"group\" aria-roledescription=\"slide\" aria-label=\"3 of 6\"><figure class=\"swiper-slide-inner\"><img decoding=\"async\" class=\"swiper-slide-image\" src=\"https:\/\/museedelacotenord.ca\/wp-content\/uploads\/2025\/01\/ancienne-expo-terre-de-sens-300x200.jpg\" alt=\"ancienne-expo-terre-de-sens\" \/><\/figure><\/div><div class=\"swiper-slide\" role=\"group\" aria-roledescription=\"slide\" aria-label=\"4 of 6\"><figure class=\"swiper-slide-inner\"><img decoding=\"async\" class=\"swiper-slide-image\" src=\"https:\/\/museedelacotenord.ca\/wp-content\/uploads\/2025\/01\/ancienne-expo-300x200.jpg\" alt=\"Exposition terre de sens\" \/><\/figure><\/div><div class=\"swiper-slide\" role=\"group\" aria-roledescription=\"slide\" aria-label=\"5 of 6\"><figure class=\"swiper-slide-inner\"><img decoding=\"async\" class=\"swiper-slide-image\" src=\"https:\/\/museedelacotenord.ca\/wp-content\/uploads\/2025\/01\/ancienne-expo-terre-de-sens3-300x200.jpg\" alt=\"ancienne-expo-terre-de-sens3\" \/><\/figure><\/div><div class=\"swiper-slide\" role=\"group\" aria-roledescription=\"slide\" aria-label=\"6 of 6\"><figure class=\"swiper-slide-inner\"><img decoding=\"async\" class=\"swiper-slide-image\" src=\"https:\/\/museedelacotenord.ca\/wp-content\/uploads\/2025\/02\/terre-sens-ancienne-expo-genevieve-desrochers-2014-300x200.jpg\" alt=\"\u00a9 Genevi\u00e8ve Desrochers, 2014\" \/><\/figure><\/div>\t\t\t<\/div>\n\t\t\t\t\t\t\t\t\t\t\t\t<div class=\"elementor-swiper-button elementor-swiper-button-prev\" role=\"button\" tabindex=\"0\">\n\t\t\t\t\t\t<svg aria-hidden=\"true\" class=\"e-font-icon-svg e-eicon-chevron-left\" viewBox=\"0 0 1000 1000\" xmlns=\"http:\/\/www.w3.org\/2000\/svg\"><path d=\"M646 125C629 125 613 133 604 142L308 442C296 454 292 471 292 487 292 504 296 521 308 533L604 854C617 867 629 875 646 875 663 875 679 871 692 858 704 846 713 829 713 812 713 796 708 779 692 767L438 487 692 225C700 217 708 204 708 187 708 171 704 154 692 142 675 129 663 125 646 125Z\"><\/path><\/svg>\t\t\t\t\t<\/div>\n\t\t\t\t\t<div class=\"elementor-swiper-button elementor-swiper-button-next\" role=\"button\" tabindex=\"0\">\n\t\t\t\t\t\t<svg aria-hidden=\"true\" class=\"e-font-icon-svg e-eicon-chevron-right\" viewBox=\"0 0 1000 1000\" xmlns=\"http:\/\/www.w3.org\/2000\/svg\"><path d=\"M696 533C708 521 713 504 713 487 713 471 708 454 696 446L400 146C388 133 375 125 354 125 338 125 325 129 313 142 300 154 292 171 292 187 292 204 296 221 308 233L563 492 304 771C292 783 288 800 288 817 288 833 296 850 308 863 321 871 338 875 354 875 371 875 388 867 400 854L696 533Z\"><\/path><\/svg>\t\t\t\t\t<\/div>\n\t\t\t\t\n\t\t\t\t\t\t\t\t\t<div class=\"swiper-pagination\"><\/div>\n\t\t\t\t\t\t\t\t\t<\/div>\n\t\t\t\t\t\t<\/div>\n\t\t\t\t<\/div>\n\t\t\t\t\t<\/div>\n\t\t\t\t<\/div>\n\t\t\t\t<\/div>\n\t\t","protected":false},"excerpt":{"rendered":"<p>Terre de sens: Le Grand Voyage, which for 28 years illustrated the history of the Innu and North Coast peoples, has now come to an end.<\/p>\n","protected":false},"author":5,"featured_media":1198,"comment_status":"closed","ping_status":"closed","sticky":false,"template":"","format":"standard","meta":{"_acf_changed":false,"footnotes":""},"categories":[37],"tags":[],"class_list":["post-6631","post","type-post","status-publish","format-standard","has-post-thumbnail","hentry","category-blog"],"acf":[],"yoast_head":"<!-- This site is optimized with the Yoast SEO plugin v25.7 - https:\/\/yoast.com\/wordpress\/plugins\/seo\/ -->\n<title>Land of Meaning: The Grand Voyage | Mus\u00e9e de la C\u00f4te-Nord | Mus\u00e9e de la C\u00f4te-Nord<\/title>\n<meta name=\"robots\" content=\"index, follow, max-snippet:-1, max-image-preview:large, max-video-preview:-1\" \/>\n<link rel=\"canonical\" href=\"https:\/\/museedelacotenord.ca\/en\/end-of-the-land-of-meaning-the-grand-voyage-permanent-exhibition\/\" \/>\n<meta property=\"og:locale\" content=\"en_US\" \/>\n<meta property=\"og:type\" content=\"article\" \/>\n<meta property=\"og:title\" content=\"Land of Meaning: The Grand Voyage | Mus\u00e9e de la C\u00f4te-Nord | Mus\u00e9e de la C\u00f4te-Nord\" \/>\n<meta property=\"og:description\" content=\"Terre de sens: Le Grand Voyage, which for 28 years illustrated the history of the Innu and North Coast peoples, has now come to an end.\" \/>\n<meta property=\"og:url\" content=\"https:\/\/museedelacotenord.ca\/en\/end-of-the-land-of-meaning-the-grand-voyage-permanent-exhibition\/\" \/>\n<meta property=\"og:site_name\" content=\"Mus\u00e9e de la C\u00f4te-Nord\" \/>\n<meta property=\"article:publisher\" content=\"https:\/\/web.facebook.com\/musee.cote.nord\/\" \/>\n<meta property=\"article:published_time\" content=\"2024-06-01T16:19:14+00:00\" \/>\n<meta property=\"article:modified_time\" content=\"2025-08-19T17:49:58+00:00\" \/>\n<meta property=\"og:image\" content=\"https:\/\/museedelacotenord.ca\/wp-content\/uploads\/2025\/01\/terre-sens-700x460-1.jpg\" \/>\n\t<meta property=\"og:image:width\" content=\"700\" \/>\n\t<meta property=\"og:image:height\" content=\"460\" \/>\n\t<meta property=\"og:image:type\" content=\"image\/jpeg\" \/>\n<meta name=\"author\" content=\"petr\" \/>\n<meta name=\"twitter:card\" content=\"summary_large_image\" \/>\n<meta name=\"twitter:label1\" content=\"Written by\" \/>\n\t<meta name=\"twitter:data1\" content=\"petr\" \/>\n\t<meta name=\"twitter:label2\" content=\"Est. reading time\" \/>\n\t<meta name=\"twitter:data2\" content=\"3 minutes\" \/>\n<script type=\"application\/ld+json\" class=\"yoast-schema-graph\">{\"@context\":\"https:\/\/schema.org\",\"@graph\":[{\"@type\":\"Article\",\"@id\":\"https:\/\/museedelacotenord.ca\/en\/end-of-the-land-of-meaning-the-grand-voyage-permanent-exhibition\/#article\",\"isPartOf\":{\"@id\":\"https:\/\/museedelacotenord.ca\/en\/end-of-the-land-of-meaning-the-grand-voyage-permanent-exhibition\/\"},\"author\":{\"name\":\"petr\",\"@id\":\"https:\/\/museedelacotenord.ca\/en\/#\/schema\/person\/422c8fb074a6e89de850574136c5c056\"},\"headline\":\"Land of Meaning: The Grand Voyage | Mus\u00e9e de la C\u00f4te-Nord\",\"datePublished\":\"2024-06-01T16:19:14+00:00\",\"dateModified\":\"2025-08-19T17:49:58+00:00\",\"mainEntityOfPage\":{\"@id\":\"https:\/\/museedelacotenord.ca\/en\/end-of-the-land-of-meaning-the-grand-voyage-permanent-exhibition\/\"},\"wordCount\":292,\"publisher\":{\"@id\":\"https:\/\/museedelacotenord.ca\/en\/#organization\"},\"image\":{\"@id\":\"https:\/\/museedelacotenord.ca\/en\/end-of-the-land-of-meaning-the-grand-voyage-permanent-exhibition\/#primaryimage\"},\"thumbnailUrl\":\"https:\/\/museedelacotenord.ca\/wp-content\/uploads\/2025\/01\/terre-sens-700x460-1.jpg\",\"articleSection\":[\"Blog\"],\"inLanguage\":\"en-US\"},{\"@type\":\"WebPage\",\"@id\":\"https:\/\/museedelacotenord.ca\/en\/end-of-the-land-of-meaning-the-grand-voyage-permanent-exhibition\/\",\"url\":\"https:\/\/museedelacotenord.ca\/en\/end-of-the-land-of-meaning-the-grand-voyage-permanent-exhibition\/\",\"name\":\"Land of Meaning: The Grand Voyage | Mus\u00e9e de la C\u00f4te-Nord | Mus\u00e9e de la C\u00f4te-Nord\",\"isPartOf\":{\"@id\":\"https:\/\/museedelacotenord.ca\/en\/#website\"},\"primaryImageOfPage\":{\"@id\":\"https:\/\/museedelacotenord.ca\/en\/end-of-the-land-of-meaning-the-grand-voyage-permanent-exhibition\/#primaryimage\"},\"image\":{\"@id\":\"https:\/\/museedelacotenord.ca\/en\/end-of-the-land-of-meaning-the-grand-voyage-permanent-exhibition\/#primaryimage\"},\"thumbnailUrl\":\"https:\/\/museedelacotenord.ca\/wp-content\/uploads\/2025\/01\/terre-sens-700x460-1.jpg\",\"datePublished\":\"2024-06-01T16:19:14+00:00\",\"dateModified\":\"2025-08-19T17:49:58+00:00\",\"breadcrumb\":{\"@id\":\"https:\/\/museedelacotenord.ca\/en\/end-of-the-land-of-meaning-the-grand-voyage-permanent-exhibition\/#breadcrumb\"},\"inLanguage\":\"en-US\",\"potentialAction\":[{\"@type\":\"ReadAction\",\"target\":[\"https:\/\/museedelacotenord.ca\/en\/end-of-the-land-of-meaning-the-grand-voyage-permanent-exhibition\/\"]}]},{\"@type\":\"ImageObject\",\"inLanguage\":\"en-US\",\"@id\":\"https:\/\/museedelacotenord.ca\/en\/end-of-the-land-of-meaning-the-grand-voyage-permanent-exhibition\/#primaryimage\",\"url\":\"https:\/\/museedelacotenord.ca\/wp-content\/uploads\/2025\/01\/terre-sens-700x460-1.jpg\",\"contentUrl\":\"https:\/\/museedelacotenord.ca\/wp-content\/uploads\/2025\/01\/terre-sens-700x460-1.jpg\",\"width\":700,\"height\":460},{\"@type\":\"BreadcrumbList\",\"@id\":\"https:\/\/museedelacotenord.ca\/en\/end-of-the-land-of-meaning-the-grand-voyage-permanent-exhibition\/#breadcrumb\",\"itemListElement\":[{\"@type\":\"ListItem\",\"position\":1,\"name\":\"Home\",\"item\":\"https:\/\/museedelacotenord.ca\/en\/\"},{\"@type\":\"ListItem\",\"position\":2,\"name\":\"Land of Meaning: The Grand Voyage | Mus\u00e9e de la C\u00f4te-Nord\"}]},{\"@type\":\"WebSite\",\"@id\":\"https:\/\/museedelacotenord.ca\/en\/#website\",\"url\":\"https:\/\/museedelacotenord.ca\/en\/\",\"name\":\"Mus\u00e9e de la C\u00f4te-Nord\",\"description\":\"\",\"publisher\":{\"@id\":\"https:\/\/museedelacotenord.ca\/en\/#organization\"},\"potentialAction\":[{\"@type\":\"SearchAction\",\"target\":{\"@type\":\"EntryPoint\",\"urlTemplate\":\"https:\/\/museedelacotenord.ca\/en\/?s={search_term_string}\"},\"query-input\":{\"@type\":\"PropertyValueSpecification\",\"valueRequired\":true,\"valueName\":\"search_term_string\"}}],\"inLanguage\":\"en-US\"},{\"@type\":\"Organization\",\"@id\":\"https:\/\/museedelacotenord.ca\/en\/#organization\",\"name\":\"Mus\u00e9e de la C\u00f4te-Nord\",\"url\":\"https:\/\/museedelacotenord.ca\/en\/\",\"logo\":{\"@type\":\"ImageObject\",\"inLanguage\":\"en-US\",\"@id\":\"https:\/\/museedelacotenord.ca\/en\/#\/schema\/logo\/image\/\",\"url\":\"https:\/\/museedelacotenord.ca\/wp-content\/uploads\/2024\/10\/Logo.svg\",\"contentUrl\":\"https:\/\/museedelacotenord.ca\/wp-content\/uploads\/2024\/10\/Logo.svg\",\"width\":121,\"height\":65,\"caption\":\"Mus\u00e9e de la C\u00f4te-Nord\"},\"image\":{\"@id\":\"https:\/\/museedelacotenord.ca\/en\/#\/schema\/logo\/image\/\"},\"sameAs\":[\"https:\/\/web.facebook.com\/musee.cote.nord\/\",\"https:\/\/www.youtube.com\/channel\/UCn8cUNXXQ5W8qnuUIfjdsvQ\"]},{\"@type\":\"Person\",\"@id\":\"https:\/\/museedelacotenord.ca\/en\/#\/schema\/person\/422c8fb074a6e89de850574136c5c056\",\"name\":\"petr\"}]}<\/script>\n<!-- \/ Yoast SEO plugin. -->","yoast_head_json":{"title":"Land of Meaning: The Grand Voyage | Mus\u00e9e de la C\u00f4te-Nord | Mus\u00e9e de la C\u00f4te-Nord","robots":{"index":"index","follow":"follow","max-snippet":"max-snippet:-1","max-image-preview":"max-image-preview:large","max-video-preview":"max-video-preview:-1"},"canonical":"https:\/\/museedelacotenord.ca\/en\/end-of-the-land-of-meaning-the-grand-voyage-permanent-exhibition\/","og_locale":"en_US","og_type":"article","og_title":"Land of Meaning: The Grand Voyage | Mus\u00e9e de la C\u00f4te-Nord | Mus\u00e9e de la C\u00f4te-Nord","og_description":"Terre de sens: Le Grand Voyage, which for 28 years illustrated the history of the Innu and North Coast peoples, has now come to an end.","og_url":"https:\/\/museedelacotenord.ca\/en\/end-of-the-land-of-meaning-the-grand-voyage-permanent-exhibition\/","og_site_name":"Mus\u00e9e de la C\u00f4te-Nord","article_publisher":"https:\/\/web.facebook.com\/musee.cote.nord\/","article_published_time":"2024-06-01T16:19:14+00:00","article_modified_time":"2025-08-19T17:49:58+00:00","og_image":[{"width":700,"height":460,"url":"https:\/\/museedelacotenord.ca\/wp-content\/uploads\/2025\/01\/terre-sens-700x460-1.jpg","type":"image\/jpeg"}],"author":"petr","twitter_card":"summary_large_image","twitter_misc":{"Written by":"petr","Est. reading time":"3 minutes"},"schema":{"@context":"https:\/\/schema.org","@graph":[{"@type":"Article","@id":"https:\/\/museedelacotenord.ca\/en\/end-of-the-land-of-meaning-the-grand-voyage-permanent-exhibition\/#article","isPartOf":{"@id":"https:\/\/museedelacotenord.ca\/en\/end-of-the-land-of-meaning-the-grand-voyage-permanent-exhibition\/"},"author":{"name":"petr","@id":"https:\/\/museedelacotenord.ca\/en\/#\/schema\/person\/422c8fb074a6e89de850574136c5c056"},"headline":"Land of Meaning: The Grand Voyage | Mus\u00e9e de la C\u00f4te-Nord","datePublished":"2024-06-01T16:19:14+00:00","dateModified":"2025-08-19T17:49:58+00:00","mainEntityOfPage":{"@id":"https:\/\/museedelacotenord.ca\/en\/end-of-the-land-of-meaning-the-grand-voyage-permanent-exhibition\/"},"wordCount":292,"publisher":{"@id":"https:\/\/museedelacotenord.ca\/en\/#organization"},"image":{"@id":"https:\/\/museedelacotenord.ca\/en\/end-of-the-land-of-meaning-the-grand-voyage-permanent-exhibition\/#primaryimage"},"thumbnailUrl":"https:\/\/museedelacotenord.ca\/wp-content\/uploads\/2025\/01\/terre-sens-700x460-1.jpg","articleSection":["Blog"],"inLanguage":"en-US"},{"@type":"WebPage","@id":"https:\/\/museedelacotenord.ca\/en\/end-of-the-land-of-meaning-the-grand-voyage-permanent-exhibition\/","url":"https:\/\/museedelacotenord.ca\/en\/end-of-the-land-of-meaning-the-grand-voyage-permanent-exhibition\/","name":"Land of Meaning: The Grand Voyage | Mus\u00e9e de la C\u00f4te-Nord | Mus\u00e9e de la C\u00f4te-Nord","isPartOf":{"@id":"https:\/\/museedelacotenord.ca\/en\/#website"},"primaryImageOfPage":{"@id":"https:\/\/museedelacotenord.ca\/en\/end-of-the-land-of-meaning-the-grand-voyage-permanent-exhibition\/#primaryimage"},"image":{"@id":"https:\/\/museedelacotenord.ca\/en\/end-of-the-land-of-meaning-the-grand-voyage-permanent-exhibition\/#primaryimage"},"thumbnailUrl":"https:\/\/museedelacotenord.ca\/wp-content\/uploads\/2025\/01\/terre-sens-700x460-1.jpg","datePublished":"2024-06-01T16:19:14+00:00","dateModified":"2025-08-19T17:49:58+00:00","breadcrumb":{"@id":"https:\/\/museedelacotenord.ca\/en\/end-of-the-land-of-meaning-the-grand-voyage-permanent-exhibition\/#breadcrumb"},"inLanguage":"en-US","potentialAction":[{"@type":"ReadAction","target":["https:\/\/museedelacotenord.ca\/en\/end-of-the-land-of-meaning-the-grand-voyage-permanent-exhibition\/"]}]},{"@type":"ImageObject","inLanguage":"en-US","@id":"https:\/\/museedelacotenord.ca\/en\/end-of-the-land-of-meaning-the-grand-voyage-permanent-exhibition\/#primaryimage","url":"https:\/\/museedelacotenord.ca\/wp-content\/uploads\/2025\/01\/terre-sens-700x460-1.jpg","contentUrl":"https:\/\/museedelacotenord.ca\/wp-content\/uploads\/2025\/01\/terre-sens-700x460-1.jpg","width":700,"height":460},{"@type":"BreadcrumbList","@id":"https:\/\/museedelacotenord.ca\/en\/end-of-the-land-of-meaning-the-grand-voyage-permanent-exhibition\/#breadcrumb","itemListElement":[{"@type":"ListItem","position":1,"name":"Home","item":"https:\/\/museedelacotenord.ca\/en\/"},{"@type":"ListItem","position":2,"name":"Land of Meaning: The Grand Voyage | Mus\u00e9e de la C\u00f4te-Nord"}]},{"@type":"WebSite","@id":"https:\/\/museedelacotenord.ca\/en\/#website","url":"https:\/\/museedelacotenord.ca\/en\/","name":"Mus\u00e9e de la C\u00f4te-Nord","description":"","publisher":{"@id":"https:\/\/museedelacotenord.ca\/en\/#organization"},"potentialAction":[{"@type":"SearchAction","target":{"@type":"EntryPoint","urlTemplate":"https:\/\/museedelacotenord.ca\/en\/?s={search_term_string}"},"query-input":{"@type":"PropertyValueSpecification","valueRequired":true,"valueName":"search_term_string"}}],"inLanguage":"en-US"},{"@type":"Organization","@id":"https:\/\/museedelacotenord.ca\/en\/#organization","name":"Mus\u00e9e de la C\u00f4te-Nord","url":"https:\/\/museedelacotenord.ca\/en\/","logo":{"@type":"ImageObject","inLanguage":"en-US","@id":"https:\/\/museedelacotenord.ca\/en\/#\/schema\/logo\/image\/","url":"https:\/\/museedelacotenord.ca\/wp-content\/uploads\/2024\/10\/Logo.svg","contentUrl":"https:\/\/museedelacotenord.ca\/wp-content\/uploads\/2024\/10\/Logo.svg","width":121,"height":65,"caption":"Mus\u00e9e de la C\u00f4te-Nord"},"image":{"@id":"https:\/\/museedelacotenord.ca\/en\/#\/schema\/logo\/image\/"},"sameAs":["https:\/\/web.facebook.com\/musee.cote.nord\/","https:\/\/www.youtube.com\/channel\/UCn8cUNXXQ5W8qnuUIfjdsvQ"]},{"@type":"Person","@id":"https:\/\/museedelacotenord.ca\/en\/#\/schema\/person\/422c8fb074a6e89de850574136c5c056","name":"petr"}]}},"_links":{"self":[{"href":"https:\/\/museedelacotenord.ca\/en\/wp-json\/wp\/v2\/posts\/6631","targetHints":{"allow":["GET"]}}],"collection":[{"href":"https:\/\/museedelacotenord.ca\/en\/wp-json\/wp\/v2\/posts"}],"about":[{"href":"https:\/\/museedelacotenord.ca\/en\/wp-json\/wp\/v2\/types\/post"}],"author":[{"embeddable":true,"href":"https:\/\/museedelacotenord.ca\/en\/wp-json\/wp\/v2\/users\/5"}],"replies":[{"embeddable":true,"href":"https:\/\/museedelacotenord.ca\/en\/wp-json\/wp\/v2\/comments?post=6631"}],"version-history":[{"count":6,"href":"https:\/\/museedelacotenord.ca\/en\/wp-json\/wp\/v2\/posts\/6631\/revisions"}],"predecessor-version":[{"id":6718,"href":"https:\/\/museedelacotenord.ca\/en\/wp-json\/wp\/v2\/posts\/6631\/revisions\/6718"}],"wp:featuredmedia":[{"embeddable":true,"href":"https:\/\/museedelacotenord.ca\/en\/wp-json\/wp\/v2\/media\/1198"}],"wp:attachment":[{"href":"https:\/\/museedelacotenord.ca\/en\/wp-json\/wp\/v2\/media?parent=6631"}],"wp:term":[{"taxonomy":"category","embeddable":true,"href":"https:\/\/museedelacotenord.ca\/en\/wp-json\/wp\/v2\/categories?post=6631"},{"taxonomy":"post_tag","embeddable":true,"href":"https:\/\/museedelacotenord.ca\/en\/wp-json\/wp\/v2\/tags?post=6631"}],"curies":[{"name":"wp","href":"https:\/\/api.w.org\/{rel}","templated":true}]}}